{"id":4521,"date":"2025-12-17T10:22:13","date_gmt":"2025-12-17T09:22:13","guid":{"rendered":"https:\/\/www.karatecachan.fr\/?p=4521"},"modified":"2025-12-17T10:47:29","modified_gmt":"2025-12-17T09:47:29","slug":"vacances-de-noel-4","status":"publish","type":"post","link":"https:\/\/www.karatecachan.fr\/?p=4521","title":{"rendered":"Vacances de No\u00ebl"},"content":{"rendered":"<ul>\n<li>\n<h2>Dernier cours de l&rsquo;ann\u00e9e 2025 =&gt; samedi 20 d\u00e9cembre (apr\u00e8s midi \u00e0 Cachan uniquement)<\/h2>\n<\/li>\n<li>\n<h2><span style=\"color: #ff0000;\">Pas de cours exceptionnellement le samedi 20 matin \u00e0 Chevilly (complexe Lilian Thuram r\u00e9quisitionn\u00e9)<\/span><\/h2>\n<\/li>\n<li>\n<h2>Pas d&rsquo;entrainements pendant les vacances de No\u00ebl.<\/h2>\n<\/li>\n<li>\n<h2>Reprise =&gt; lundi 5 janvier 2026.<\/h2>\n<\/li>\n<\/ul>\n<h1 style=\"text-align: center;\">Bonnes f\u00eates \u00e0 tous !<\/h1>\n<p><img loading=\"lazy\" decoding=\"async\" class=\"aligncenter wp-image-4522 size-large\" src=\"https:\/\/www.karatecachan.fr\/wp-content\/uploads\/2025\/12\/ChatGPT-Image-17-dec.-2025-10_21_04-683x1024.png\" alt=\"\" width=\"640\" height=\"960\" srcset=\"https:\/\/www.karatecachan.fr\/wp-content\/uploads\/2025\/12\/ChatGPT-Image-17-dec.-2025-10_21_04-683x1024.png 683w, https:\/\/www.karatecachan.fr\/wp-content\/uploads\/2025\/12\/ChatGPT-Image-17-dec.-2025-10_21_04-200x300.png 200w, https:\/\/www.karatecachan.fr\/wp-content\/uploads\/2025\/12\/ChatGPT-Image-17-dec.-2025-10_21_04-768x1152.png 768w, https:\/\/www.karatecachan.fr\/wp-content\/uploads\/2025\/12\/ChatGPT-Image-17-dec.-2025-10_21_04.png 1024w\" sizes=\"auto, (max-width: 640px) 100vw, 640px\" \/><\/p>\n<p><a href=\"https:\/\/www.karatecachan.fr\/wp-content\/uploads\/2016\/10\/ligne_separation.png\"><img loading=\"lazy\" decoding=\"async\" class=\"aligncenter size-full wp-image-1721\" src=\"https:\/\/www.karatecachan.fr\/wp-content\/uploads\/2016\/10\/ligne_separation.png\" alt=\"\" width=\"1037\" height=\"25\" srcset=\"https:\/\/www.karatecachan.fr\/wp-content\/uploads\/2016\/10\/ligne_separation.png 1037w, https:\/\/www.karatecachan.fr\/wp-content\/uploads\/2016\/10\/ligne_separation-300x7.png 300w, https:\/\/www.karatecachan.fr\/wp-content\/uploads\/2016\/10\/ligne_separation-768x19.png 768w, https:\/\/www.karatecachan.fr\/wp-content\/uploads\/2016\/10\/ligne_separation-1024x25.png 1024w\" sizes=\"auto, (max-width: 1037px) 100vw, 1037px\" \/><\/a><\/p>\n","protected":false},"excerpt":{"rendered":"<p>Dernier cours de l&rsquo;ann\u00e9e 2025 =&gt; samedi 20 d\u00e9cembre (apr\u00e8s midi \u00e0 Cachan uniquement) Pas de cours exceptionnellement le samedi 20 matin \u00e0 Chevilly (complexe Lilian Thuram r\u00e9quisitionn\u00e9) Pas d&rsquo;entrainements pendant les vacances de No\u00ebl. Reprise =&gt; lundi 5 janvier 2026. Bonnes f\u00eates \u00e0 tous !<\/p>\n","protected":false},"author":1,"featured_media":0,"comment_status":"closed","ping_status":"open","sticky":false,"template":"","format":"standard","meta":{"footnotes":""},"categories":[4],"tags":[],"class_list":["post-4521","post","type-post","status-publish","format-standard","hentry","category-information"],"_links":{"self":[{"href":"https:\/\/www.karatecachan.fr\/index.php?rest_route=\/wp\/v2\/posts\/4521","targetHints":{"allow":["GET"]}}],"collection":[{"href":"https:\/\/www.karatecachan.fr\/index.php?rest_route=\/wp\/v2\/posts"}],"about":[{"href":"https:\/\/www.karatecachan.fr\/index.php?rest_route=\/wp\/v2\/types\/post"}],"author":[{"embeddable":true,"href":"https:\/\/www.karatecachan.fr\/index.php?rest_route=\/wp\/v2\/users\/1"}],"replies":[{"embeddable":true,"href":"https:\/\/www.karatecachan.fr\/index.php?rest_route=%2Fwp%2Fv2%2Fcomments&post=4521"}],"version-history":[{"count":3,"href":"https:\/\/www.karatecachan.fr\/index.php?rest_route=\/wp\/v2\/posts\/4521\/revisions"}],"predecessor-version":[{"id":4524,"href":"https:\/\/www.karatecachan.fr\/index.php?rest_route=\/wp\/v2\/posts\/4521\/revisions\/4524"}],"wp:attachment":[{"href":"https:\/\/www.karatecachan.fr\/index.php?rest_route=%2Fwp%2Fv2%2Fmedia&parent=4521"}],"wp:term":[{"taxonomy":"category","embeddable":true,"href":"https:\/\/www.karatecachan.fr\/index.php?rest_route=%2Fwp%2Fv2%2Fcategories&post=4521"},{"taxonomy":"post_tag","embeddable":true,"href":"https:\/\/www.karatecachan.fr\/index.php?rest_route=%2Fwp%2Fv2%2Ftags&post=4521"}],"curies":[{"name":"wp","href":"https:\/\/api.w.org\/{rel}","templated":true}]}}