{"id":4493,"date":"2025-01-19T16:34:29","date_gmt":"2025-01-19T15:34:29","guid":{"rendered":"https:\/\/www.karatecachan.fr\/?p=4493"},"modified":"2025-01-19T16:34:29","modified_gmt":"2025-01-19T15:34:29","slug":"meilleurs-voeux-pour-2025","status":"publish","type":"post","link":"https:\/\/www.karatecachan.fr\/?p=4493","title":{"rendered":"Meilleurs Voeux pour 2025 !"},"content":{"rendered":"<h1 style=\"text-align: center;\"><a href=\"https:\/\/www.karatecachan.fr\/wp-content\/uploads\/2025\/01\/bonne-annee-2025-1.jpg\"><img loading=\"lazy\" decoding=\"async\" class=\"aligncenter wp-image-4494 size-full\" src=\"https:\/\/www.karatecachan.fr\/wp-content\/uploads\/2025\/01\/bonne-annee-2025-1.jpg\" alt=\"\" width=\"664\" height=\"524\" srcset=\"https:\/\/www.karatecachan.fr\/wp-content\/uploads\/2025\/01\/bonne-annee-2025-1.jpg 664w, https:\/\/www.karatecachan.fr\/wp-content\/uploads\/2025\/01\/bonne-annee-2025-1-300x237.jpg 300w\" sizes=\"auto, (max-width: 664px) 100vw, 664px\" \/><\/a>Ma\u00eetre Ren\u00e9 ainsi que toute l\u2019\u00e9quipe SRKD vous souhaitent une excellente ann\u00e9e 2025 !<\/h1>\n<h3 style=\"text-align: center;\">Nous esp\u00e9rons que vous avez pass\u00e9 de tr\u00e8s bonnes f\u00eates et pris de bonnes r\u00e9solutions.<\/h3>\n<h3 style=\"text-align: center;\"><strong><span style=\"color: #0000ff;\">Rendez vous lundi 6 janvier pour le 1er entrainement de l&rsquo;ann\u00e9e 2025 :-)<\/span><\/strong><\/h3>\n<p><a href=\"https:\/\/www.karatecachan.fr\/wp-content\/uploads\/2016\/10\/ligne_separation.png\"><img loading=\"lazy\" decoding=\"async\" class=\"aligncenter size-full wp-image-1721\" src=\"https:\/\/www.karatecachan.fr\/wp-content\/uploads\/2016\/10\/ligne_separation.png\" alt=\"\" width=\"1037\" height=\"25\" srcset=\"https:\/\/www.karatecachan.fr\/wp-content\/uploads\/2016\/10\/ligne_separation.png 1037w, https:\/\/www.karatecachan.fr\/wp-content\/uploads\/2016\/10\/ligne_separation-300x7.png 300w, https:\/\/www.karatecachan.fr\/wp-content\/uploads\/2016\/10\/ligne_separation-768x19.png 768w, https:\/\/www.karatecachan.fr\/wp-content\/uploads\/2016\/10\/ligne_separation-1024x25.png 1024w\" sizes=\"auto, (max-width: 1037px) 100vw, 1037px\" \/><\/a><\/p>\n","protected":false},"excerpt":{"rendered":"<p>Ma\u00eetre Ren\u00e9 ainsi que toute l\u2019\u00e9quipe SRKD vous souhaitent une excellente ann\u00e9e 2025 ! Nous esp\u00e9rons que vous avez pass\u00e9 de tr\u00e8s bonnes f\u00eates et pris de bonnes r\u00e9solutions. Rendez vous lundi 6 janvier pour le 1er entrainement de l&rsquo;ann\u00e9e 2025 :-)<\/p>\n","protected":false},"author":1,"featured_media":0,"comment_status":"closed","ping_status":"open","sticky":false,"template":"","format":"standard","meta":{"footnotes":""},"categories":[4],"tags":[],"class_list":["post-4493","post","type-post","status-publish","format-standard","hentry","category-information"],"_links":{"self":[{"href":"https:\/\/www.karatecachan.fr\/index.php?rest_route=\/wp\/v2\/posts\/4493","targetHints":{"allow":["GET"]}}],"collection":[{"href":"https:\/\/www.karatecachan.fr\/index.php?rest_route=\/wp\/v2\/posts"}],"about":[{"href":"https:\/\/www.karatecachan.fr\/index.php?rest_route=\/wp\/v2\/types\/post"}],"author":[{"embeddable":true,"href":"https:\/\/www.karatecachan.fr\/index.php?rest_route=\/wp\/v2\/users\/1"}],"replies":[{"embeddable":true,"href":"https:\/\/www.karatecachan.fr\/index.php?rest_route=%2Fwp%2Fv2%2Fcomments&post=4493"}],"version-history":[{"count":1,"href":"https:\/\/www.karatecachan.fr\/index.php?rest_route=\/wp\/v2\/posts\/4493\/revisions"}],"predecessor-version":[{"id":4495,"href":"https:\/\/www.karatecachan.fr\/index.php?rest_route=\/wp\/v2\/posts\/4493\/revisions\/4495"}],"wp:attachment":[{"href":"https:\/\/www.karatecachan.fr\/index.php?rest_route=%2Fwp%2Fv2%2Fmedia&parent=4493"}],"wp:term":[{"taxonomy":"category","embeddable":true,"href":"https:\/\/www.karatecachan.fr\/index.php?rest_route=%2Fwp%2Fv2%2Fcategories&post=4493"},{"taxonomy":"post_tag","embeddable":true,"href":"https:\/\/www.karatecachan.fr\/index.php?rest_route=%2Fwp%2Fv2%2Ftags&post=4493"}],"curies":[{"name":"wp","href":"https:\/\/api.w.org\/{rel}","templated":true}]}}